{"id":1081,"date":"2023-02-07T13:16:31","date_gmt":"2023-02-07T12:16:31","guid":{"rendered":"https:\/\/www.autenticazionesicura.it\/blog\/?p=1081"},"modified":"2023-04-18T12:10:05","modified_gmt":"2023-04-18T10:10:05","slug":"safer-internet-day-2023-i-rischi-in-rete-per-le-nuove-generazioni","status":"publish","type":"post","link":"https:\/\/www.autenticazionesicura.it\/blog\/safer-internet-day-2023-i-rischi-in-rete-per-le-nuove-generazioni\/","title":{"rendered":"Safer Internet Day 2023 &#8211; I rischi in rete per le nuove generazioni"},"content":{"rendered":"<p>Il 7 febbraio 2023 ricorrono i 20 anni del <strong>Safer Internet Day<\/strong>, la Giornata mondiale per la sicurezza in Rete promossa dalla Commissione Europea e celebrata in contemporanea in oltre 100 nazioni.\u00a0Dal cyberbullismo ai social network all\u2019identit\u00e0 digitale, ogni anno il Safer Internet Day mira a <strong>sensibilizzare sui problemi online emergenti<\/strong>\u00a0e su quelle che sono le preoccupazioni attuali legate a questo tema.<\/p>\n<p><img loading=\"lazy\" class=\"alignnone wp-image-1089 aligncenter\" src=\"https:\/\/www.autenticazionesicura.it\/blog\/wp-content\/themes\/veen\/assets\/images\/transparent.gif\" data-lazy=\"true\" data-src=\"https:\/\/www.autenticazionesicura.it\/blog\/wp-content\/uploads\/2023\/02\/sid_2023_social_SQ_logo-copia-300x170.png\" alt=\"\" width=\"353\" height=\"206\" \/><\/p>\n<p>&nbsp;<\/p>\n<p>In Italia, il <a href=\"https:\/\/www.miur.gov.it\/web\/guest\/-\/il-7-febbraio-il-ministero-celebra-il-safer-internet-day-a-roma-l-evento-nazionale-con-l-intervento-del-ministro-valditara-la-diretta-dalle-9-30-sul-c#:~:text=Il%207%20febbraio%202023%20ricorrono,contemporanea%20in%20oltre%20100%20nazioni.\" target=\"_blank\" rel=\"noopener\">Ministero dell\u2019Istruzione<\/a> partecipa con un evento in streaming per le scuole, alla presenza del Ministro Giuseppe Valditara, con interventi di esperti sulle tematiche di <strong class=\"effect\">Cybersicurity, I diritti dei minori nel mondo digitale, La\u00a0<a class=\"wiki-tag effect\" href=\"https:\/\/www.generazioniconnesse.it\/site\/it\/wiki-tag-ricerca\/privacy\/\">privacy<\/a> online tra i banchi di scuola.<\/strong><\/p>\n<p>L\u2019obiettivo \u00e8 stimolare una riflessione sui rischi e le opportunit\u00e0 della Rete con gli stessi protagonisti della comunit\u00e0 scolastica, studenti, docenti insieme a <em>stakeholder<\/em>\u00a0pubblici e privati.<\/p>\n<p>\u00ab<em>Una larga parte delle relazioni personali oggi vengono vissute on line e questo riguarda particolarmente le generazioni pi\u00f9 giovani, che affrontano con giusto entusiasmo le grandi novit\u00e0 che la tecnologia propone.<\/em> Non bisogna tuttavia dimenticare che se alcune esperienze sono virtuali, molti dei <a href=\"https:\/\/www.autenticazionesicura.it\/blog\/533-milioni-di-utenti-fb-hackerati\/\" target=\"_blank\" rel=\"noopener\">rischi che si corrono in rete<\/a> appartengono ad una realt\u00e0 che pu\u00f2 essere molto difficile da affrontare, soprattutto per gli adolescenti\u00bb<em>, <\/em>ricorda il capo della Polizia e direttore generale della Pubblica sicurezza Lamberto Giannini, andando al cuore del progetto di responsabilit\u00e0 sociale #cuoriconnessi, nato nel 2016 per contrastare il cyberbullismo.<\/p>\n<p>\u00ab<em>Essere vittima di un comportamento sbagliato o peggio ancora di un reato, in questa fase delicatissima della vita, pu\u00f2 avere conseguenze gravi, per le quali l\u2019attivit\u00e0 di repressione non \u00e8 sufficiente<\/em>\u00bb, spiega ancora Giannini. Ecco perch\u00e9 oltre proporre incontri in presenza e virtuali con le scuole, il progetto offre una piattaforma web ricca di materiali multimediali e contenuti informativo\/educativi.<\/p>\n<h3>I rischi per le nuove generazioni<\/h3>\n<p>Sono soprattutto gli adolescenti i principali soggetti a rischio di una navigazione online non, come ricorda il sito del commissariato di polizia postale.<\/p>\n<p><strong>Fra questi c\u2019\u00e8 l\u2019adescamento online. <\/strong>\u00a0Adulti che utilizzano la rete, attraverso i social network e le app di gioco online, per adescare minorenni allo scopo di farsi mandare immagini a sfondo sessuale, spesso fingendosi coetanei delle loro vittime.<\/p>\n<p><img loading=\"lazy\" class=\"wp-image-1086 alignleft\" src=\"https:\/\/www.autenticazionesicura.it\/blog\/wp-content\/themes\/veen\/assets\/images\/transparent.gif\" data-lazy=\"true\" data-src=\"https:\/\/www.autenticazionesicura.it\/blog\/wp-content\/uploads\/2023\/02\/cyberbullying-g8662b1add_1920-300x200.jpg\" alt=\"\" width=\"344\" height=\"229\" data-srcset=\"https:\/\/www.autenticazionesicura.it\/blog\/wp-content\/uploads\/2023\/02\/cyberbullying-g8662b1add_1920-300x200.jpg 300w, https:\/\/www.autenticazionesicura.it\/blog\/wp-content\/uploads\/2023\/02\/cyberbullying-g8662b1add_1920-1024x683.jpg 1024w, https:\/\/www.autenticazionesicura.it\/blog\/wp-content\/uploads\/2023\/02\/cyberbullying-g8662b1add_1920-768x512.jpg 768w, https:\/\/www.autenticazionesicura.it\/blog\/wp-content\/uploads\/2023\/02\/cyberbullying-g8662b1add_1920-1536x1024.jpg 1536w, https:\/\/www.autenticazionesicura.it\/blog\/wp-content\/uploads\/2023\/02\/cyberbullying-g8662b1add_1920-100x67.jpg 100w, https:\/\/www.autenticazionesicura.it\/blog\/wp-content\/uploads\/2023\/02\/cyberbullying-g8662b1add_1920-675x450.jpg 675w, https:\/\/www.autenticazionesicura.it\/blog\/wp-content\/uploads\/2023\/02\/cyberbullying-g8662b1add_1920-1600x1067.jpg 1600w, https:\/\/www.autenticazionesicura.it\/blog\/wp-content\/uploads\/2023\/02\/cyberbullying-g8662b1add_1920.jpg 1920w\" data-sizes=\"(max-width: 344px) 100vw, 344px\" \/><\/p>\n<p>&nbsp;<\/p>\n<p>Seguono la diffusione e\u00a0la detenzione di materiale illegale, il <strong>cyberbullismo<\/strong> e le <strong>challenge online<\/strong>.<\/p>\n<p>Quest\u2019ultima \u00e8 un fenomeno molto diffuso tra i ragazzi che consiste nel filmarsi mentre si fanno azioni che in quel momento sono trend topic. Nella maggioranza dei casi si tratta di azioni poco pericolose ma \u2013 sottolinea la polizia &#8211; \u00e8 necessario sensibilizzare i ragazzi sul fatto che alcune sfide possono comunque rappresentare un pericolo se intraprese con l\u2019obiettivo di aumentare la propria popolarit\u00e0, senza valutare i rischi reali.<\/p>\n<p>&nbsp;<\/p>\n<h3><\/h3>\n<h3><\/h3>\n<h3>Qualche numero<\/h3>\n<p>Secondo quanto emerso dalle rilevazioni della polizia postale nel 2022, la pandemia ha prodotto &#8220;un&#8217;accresciuta esposizione alle aggressioni della cyber-criminalit\u00e0&#8221;.<\/p>\n<p>Si registrano <strong>533 casi di adescamento online<\/strong>, 136 sono stati i minori denunciati per cyberbullismo; 120 persone indagate per revenge porn, 4 arrestate; e ancora, 3.441 indagati per truffe online. La Sala Operativa del Centro Nazionale Anticrimine Informatico per la Protezione delle Infrastrutture Critiche (CNAIPIC), ha gestito 213 attacchi a sistemi informatici di strutture nazionali di rilievo strategico.<\/p>\n<p>&nbsp;<\/p>\n<h3>Cosa fare<\/h3>\n<p>La Polizia Postale ha individuato alcuni consigli rivolti ai genitori che vogliono proteggere i propri figli dalle insidie del web. Prima di tutto occorre insegnare ai bambini l&#8217;importanza di non rivelare in rete la loro identit\u00e0 e dare informazioni personali sulla famiglia (nome, cognome, et\u00e0, indirizzo, numero di telefono, nome e orari della scuola, nome degli amici).<\/p>\n<p>Anche se i ragazzi in questione non hanno dispositivi propri, \u00e8 comunque importante educare alla sicurezza su Internet. Potrebbero trovarsi a farlo a casa di amici o a scuola. Pu\u00f2 essere utile impostare la cronologia del device che utilizzano, in modo da mantenere traccia dei siti visitati.<\/p>\n<p>Per quanto riguarda le mail, \u00e8 bene leggerle con loro controllando ogni allegato al messaggio e insegnargli a non aprire da soli mail che non aspettano. Se non si riconosce il mittente meglio non aprire le email, n\u00e9 eventuali allegati: possono contenere virus, troyan o spyware in grado di alterare il funzionamento del computer. A questo proposito, la Polizia Postale sottolinea l\u2019importanza di usare un buon antivirus. Bisogna spiegare ai bambini che pu\u00f2 essere pericoloso compilare moduli online senza l\u2019aiuto di un genitore e dire loro di farlo solo previa consultazione.<\/p>\n<p>E&#8217; sempre bene stare vicino ai bambini quando creano profili per usare app e stabilire quanto tempo possono passare navigando su internet.<\/p>\n<p><strong>\u00a0<\/strong><\/p>\n<p>Sul sito <strong><a href=\"https:\/\/www.generazioniconnesse.it\/site\/it\/home-page\/\">Generazioni Connesse<\/a> percorsi formativi e kit didattici per diverse fasce d&#8217;et\u00e0.<\/strong><\/p>\n<p>&nbsp;<\/p>\n<p>&nbsp;<\/p>\n<p>&nbsp;<\/p>\n","protected":false},"excerpt":{"rendered":"<p>Il 7 febbraio 2023 ricorrono i 20 anni del Safer Internet Day, la Giornata mondiale per la sicurezza in Rete promossa dalla Commissione Europea e&#8230;<\/p>\n","protected":false},"author":7,"featured_media":1082,"comment_status":"open","ping_status":"open","sticky":false,"template":"","format":"standard","meta":{"_mi_skip_tracking":false},"categories":[15],"tags":[27,129,128,130],"yoast_head":"<!-- This site is optimized with the Yoast SEO plugin v16.4 - https:\/\/yoast.com\/wordpress\/plugins\/seo\/ -->\n<title>Safer Internet Day 2023 - I rischi in rete per le nuove generazioni<\/title>\n<meta name=\"description\" content=\"20 anni del Safer Internet Day la Giornata mondiale per la sicurezza in Rete promossa dalla Commissione Europea e celebrata da 100 nazioni\" \/>\n<meta name=\"robots\" content=\"index, follow, max-snippet:-1, max-image-preview:large, max-video-preview:-1\" \/>\n<link rel=\"canonical\" href=\"https:\/\/www.autenticazionesicura.it\/blog\/safer-internet-day-2023-i-rischi-in-rete-per-le-nuove-generazioni\/\" \/>\n<meta property=\"og:locale\" content=\"it_IT\" \/>\n<meta property=\"og:type\" content=\"article\" \/>\n<meta property=\"og:title\" content=\"Safer Internet Day 2023\" \/>\n<meta property=\"og:description\" content=\"20 anni del Safer Internet Day la Giornata mondiale per la sicurezza in Rete promossa dalla Commissione Europea e celebrata da 100 nazioni\" \/>\n<meta property=\"og:url\" content=\"https:\/\/www.autenticazionesicura.it\/blog\/safer-internet-day-2023-i-rischi-in-rete-per-le-nuove-generazioni\/\" \/>\n<meta property=\"og:site_name\" content=\"Autentica\" \/>\n<meta property=\"article:published_time\" content=\"2023-02-07T12:16:31+00:00\" \/>\n<meta property=\"article:modified_time\" content=\"2023-04-18T10:10:05+00:00\" \/>\n<meta property=\"og:image\" content=\"https:\/\/www.autenticazionesicura.it\/blog\/wp-content\/uploads\/2023\/02\/hacker-ga7faa44fc_1920.jpg\" \/>\n\t<meta property=\"og:image:width\" content=\"1920\" \/>\n\t<meta property=\"og:image:height\" content=\"1355\" \/>\n<meta name=\"twitter:card\" content=\"summary_large_image\" \/>\n<meta name=\"twitter:label1\" content=\"Tempo di lettura stimato\" \/>\n\t<meta name=\"twitter:data1\" content=\"4 minuti\" \/>\n<script type=\"application\/ld+json\" class=\"yoast-schema-graph\">{\"@context\":\"https:\/\/schema.org\",\"@graph\":[{\"@type\":\"WebSite\",\"@id\":\"https:\/\/www.autenticazionesicura.it\/blog\/#website\",\"url\":\"https:\/\/www.autenticazionesicura.it\/blog\/\",\"name\":\"Autentica\",\"description\":\"\",\"potentialAction\":[{\"@type\":\"SearchAction\",\"target\":\"https:\/\/www.autenticazionesicura.it\/blog\/?s={search_term_string}\",\"query-input\":\"required name=search_term_string\"}],\"inLanguage\":\"it-IT\"},{\"@type\":\"ImageObject\",\"@id\":\"https:\/\/www.autenticazionesicura.it\/blog\/safer-internet-day-2023-i-rischi-in-rete-per-le-nuove-generazioni\/#primaryimage\",\"inLanguage\":\"it-IT\",\"url\":\"https:\/\/www.autenticazionesicura.it\/blog\/wp-content\/uploads\/2023\/02\/hacker-ga7faa44fc_1920.jpg\",\"contentUrl\":\"https:\/\/www.autenticazionesicura.it\/blog\/wp-content\/uploads\/2023\/02\/hacker-ga7faa44fc_1920.jpg\",\"width\":1920,\"height\":1355},{\"@type\":\"WebPage\",\"@id\":\"https:\/\/www.autenticazionesicura.it\/blog\/safer-internet-day-2023-i-rischi-in-rete-per-le-nuove-generazioni\/#webpage\",\"url\":\"https:\/\/www.autenticazionesicura.it\/blog\/safer-internet-day-2023-i-rischi-in-rete-per-le-nuove-generazioni\/\",\"name\":\"Safer Internet Day 2023 - I rischi in rete per le nuove generazioni\",\"isPartOf\":{\"@id\":\"https:\/\/www.autenticazionesicura.it\/blog\/#website\"},\"primaryImageOfPage\":{\"@id\":\"https:\/\/www.autenticazionesicura.it\/blog\/safer-internet-day-2023-i-rischi-in-rete-per-le-nuove-generazioni\/#primaryimage\"},\"datePublished\":\"2023-02-07T12:16:31+00:00\",\"dateModified\":\"2023-04-18T10:10:05+00:00\",\"author\":{\"@id\":\"https:\/\/www.autenticazionesicura.it\/blog\/#\/schema\/person\/0040036ff84a22ab0cd7a7c6bfb43aa4\"},\"description\":\"20 anni del Safer Internet Day la Giornata mondiale per la sicurezza in Rete promossa dalla Commissione Europea e celebrata da 100 nazioni\",\"breadcrumb\":{\"@id\":\"https:\/\/www.autenticazionesicura.it\/blog\/safer-internet-day-2023-i-rischi-in-rete-per-le-nuove-generazioni\/#breadcrumb\"},\"inLanguage\":\"it-IT\",\"potentialAction\":[{\"@type\":\"ReadAction\",\"target\":[\"https:\/\/www.autenticazionesicura.it\/blog\/safer-internet-day-2023-i-rischi-in-rete-per-le-nuove-generazioni\/\"]}]},{\"@type\":\"BreadcrumbList\",\"@id\":\"https:\/\/www.autenticazionesicura.it\/blog\/safer-internet-day-2023-i-rischi-in-rete-per-le-nuove-generazioni\/#breadcrumb\",\"itemListElement\":[{\"@type\":\"ListItem\",\"position\":1,\"item\":{\"@type\":\"WebPage\",\"@id\":\"https:\/\/www.autenticazionesicura.it\/blog\/\",\"url\":\"https:\/\/www.autenticazionesicura.it\/blog\/\",\"name\":\"Home\"}},{\"@type\":\"ListItem\",\"position\":2,\"item\":{\"@id\":\"https:\/\/www.autenticazionesicura.it\/blog\/safer-internet-day-2023-i-rischi-in-rete-per-le-nuove-generazioni\/#webpage\"}}]},{\"@type\":\"Person\",\"@id\":\"https:\/\/www.autenticazionesicura.it\/blog\/#\/schema\/person\/0040036ff84a22ab0cd7a7c6bfb43aa4\",\"name\":\"Valentina Schiavi\",\"image\":{\"@type\":\"ImageObject\",\"@id\":\"https:\/\/www.autenticazionesicura.it\/blog\/#personlogo\",\"inLanguage\":\"it-IT\",\"url\":\"https:\/\/www.autenticazionesicura.it\/blog\/wp-content\/uploads\/2022\/11\/Valentina_Schiavi_foto_blog.jpg\",\"contentUrl\":\"https:\/\/www.autenticazionesicura.it\/blog\/wp-content\/uploads\/2022\/11\/Valentina_Schiavi_foto_blog.jpg\",\"caption\":\"Valentina Schiavi\"},\"url\":\"https:\/\/www.autenticazionesicura.it\/blog\/author\/valentina-schiavi\/\"}]}<\/script>\n<!-- \/ Yoast SEO plugin. -->","_links":{"self":[{"href":"https:\/\/www.autenticazionesicura.it\/blog\/wp-json\/wp\/v2\/posts\/1081"}],"collection":[{"href":"https:\/\/www.autenticazionesicura.it\/blog\/wp-json\/wp\/v2\/posts"}],"about":[{"href":"https:\/\/www.autenticazionesicura.it\/blog\/wp-json\/wp\/v2\/types\/post"}],"author":[{"embeddable":true,"href":"https:\/\/www.autenticazionesicura.it\/blog\/wp-json\/wp\/v2\/users\/7"}],"replies":[{"embeddable":true,"href":"https:\/\/www.autenticazionesicura.it\/blog\/wp-json\/wp\/v2\/comments?post=1081"}],"version-history":[{"count":18,"href":"https:\/\/www.autenticazionesicura.it\/blog\/wp-json\/wp\/v2\/posts\/1081\/revisions"}],"predecessor-version":[{"id":1176,"href":"https:\/\/www.autenticazionesicura.it\/blog\/wp-json\/wp\/v2\/posts\/1081\/revisions\/1176"}],"wp:featuredmedia":[{"embeddable":true,"href":"https:\/\/www.autenticazionesicura.it\/blog\/wp-json\/wp\/v2\/media\/1082"}],"wp:attachment":[{"href":"https:\/\/www.autenticazionesicura.it\/blog\/wp-json\/wp\/v2\/media?parent=1081"}],"wp:term":[{"taxonomy":"category","embeddable":true,"href":"https:\/\/www.autenticazionesicura.it\/blog\/wp-json\/wp\/v2\/categories?post=1081"},{"taxonomy":"post_tag","embeddable":true,"href":"https:\/\/www.autenticazionesicura.it\/blog\/wp-json\/wp\/v2\/tags?post=1081"}],"curies":[{"name":"wp","href":"https:\/\/api.w.org\/{rel}","templated":true}]}}